{"id":2370,"date":"2021-09-29T22:21:52","date_gmt":"2021-09-30T03:21:52","guid":{"rendered":"https:\/\/fsgctopeka.wpengine.com\/el-lider-de-fsgc-anuncia-su-retiro\/"},"modified":"2021-09-29T22:21:52","modified_gmt":"2021-09-30T03:21:52","slug":"el-lider-de-fsgc-anuncia-su-retiro","status":"publish","type":"post","link":"https:\/\/www.fsgctopeka.com\/es\/el-lider-de-fsgc-anuncia-su-retiro\/","title":{"rendered":"El l\u00edder de FSGC anuncia su retiro"},"content":{"rendered":"<figure id=\"attachment_2368\" class=\"thumbnail wp-caption alignleft\"><img loading=\"lazy\" decoding=\"async\" class=\"alignnone size-full wp-image-2368\" src=\"https:\/\/www.FSGCtopeka.com\/wp-content\/uploads\/2023\/03\/brenda_for_website.jpeg\" alt=\"\" width=\"142\" height=\"200\"><\/figure>\n<p>Uno de los principales ejecutivos de atenci\u00f3n m\u00e9dica y defensores de los ni\u00f1os del noreste de Kansas se jubila.<\/p>\n<p>Brenda Mills, CPA, FACHE, dejar\u00e1 vacante el puesto de directora ejecutiva del Centro de Servicio y Orientaci\u00f3n Familiar el 4 de febrero de 2022, despu\u00e9s de 20 a\u00f1os como Directora Ejecutiva y 32 a\u00f1os, en total, con la organizaci\u00f3n.<\/p>\n<p>\u00abHa sido un honor y un privilegio servir a FSGC como Director Ejecutivo desde enero de 2002 y como Director Financiero y Director de Operaciones de 1989 a 2001\u00bb, dijo Mills. \u00abTrabajando con la junta y el equipo de liderazgo, hemos logrado grandes logros en los servicios de salud conductual para ni\u00f1os y familias en el noreste de Kansas. Estoy orgulloso de todo lo que hemos logrado\u00bb.<\/p>\n<p>Pat Riordan, presidente de la Junta Directiva de FSGC, dijo que el anuncio lleg\u00f3 con emociones encontradas.<\/p>\n<p>\u00abBrenda ha sido una l\u00edder tan fuerte a lo largo de su mandato\u00bb, dijo, \u00aby gracias a su liderazgo y visi\u00f3n, la agencia est\u00e1 en un excelente lugar para avanzar desde una posici\u00f3n de innovaci\u00f3n y fortaleza\u00bb.<\/p>\n<p>Durante el mandato de Mills como CEO, FSGC obtuvo numerosos \u00e9xitos, incluyendo:<\/p>\n<ul>\n<li>Convertirse en una parte integral de la comunidad de atenci\u00f3n m\u00e9dica de Topeka, as\u00ed como en un proveedor emblem\u00e1tico de salud conductual<\/li>\n<li>Cultivar relaciones positivas con todos los distritos escolares del \u00e1rea para convertirse en una parte esencial de sus equipos de salud conductual.<\/li>\n<li>Pasando de 130 empleados a 250.<\/li>\n<li>Comprar un edificio en 325 S.W. Frazier Ave., y construir dos nuevos edificios en 327 S.W. Frazier para centralizar la organizaci\u00f3n en un campus.<\/li>\n<li>Creaci\u00f3n de la Fundaci\u00f3n FSGC en 2007 y aumento de su corpus a $3.2 millones.<\/li>\n<li>Establecer varios programas, incluidos los servicios de crisis nocturnos, el Programa de Tratamiento de la Ansiedad, el Programa de Autismo Infantil y el Programa de Salud Mental en las Escuelas.<\/li>\n<\/ul>\n<p>Mills dijo que nunca hay un momento perfecto para esta transici\u00f3n, pero expres\u00f3 su confianza en que ahora es el momento.<\/p>\n<p>\u00abDejo el Centro de Servicio y Orientaci\u00f3n Familiar en manos muy capaces y con algunas iniciativas emocionantes en el horizonte. Se necesitar\u00e1 un nuevo liderazgo y energ\u00eda para impulsarnos hacia adelante. Alguien m\u00e1s saltar\u00e1 y disfrutar\u00e1 de algunos \u00e9xitos inmediatos tal como lo hice en mis primeros a\u00f1os\u00bb, dijo.<\/p>\n<p>El Consejo de Administraci\u00f3n ha formado un comit\u00e9 de b\u00fasqueda para seleccionar al nuevo CEO de FSGC.<\/p>\n","protected":false},"excerpt":{"rendered":"<p>Uno de los principales ejecutivos de atenci\u00f3n m\u00e9dica y defensores de los ni\u00f1os del noreste&hellip;<\/p>\n","protected":false},"author":1,"featured_media":971,"comment_status":"open","ping_status":"open","sticky":false,"template":"","format":"standard","meta":{"_acf_changed":false,"footnotes":""},"categories":[16],"tags":[],"class_list":{"0":"post-2370","2":"type-post","3":"status-publish","4":"format-standard","5":"has-post-thumbnail","6":"hentry","7":"category-sin-categorizar"},"acf":[],"yoast_head":"<!-- This site is optimized with the Yoast SEO plugin v25.5 - https:\/\/yoast.com\/wordpress\/plugins\/seo\/ -->\n<title>El l\u00edder de FSGC anuncia su retiro - FSGC Topeka<\/title>\n<meta name=\"robots\" content=\"index, follow, max-snippet:-1, max-image-preview:large, max-video-preview:-1\" \/>\n<link rel=\"canonical\" href=\"https:\/\/www.fsgctopeka.com\/es\/el-lider-de-fsgc-anuncia-su-retiro\/\" \/>\n<meta property=\"og:locale\" content=\"es_ES\" \/>\n<meta property=\"og:type\" content=\"article\" \/>\n<meta property=\"og:title\" content=\"El l\u00edder de FSGC anuncia su retiro - FSGC Topeka\" \/>\n<meta property=\"og:description\" content=\"Uno de los principales ejecutivos de atenci\u00f3n m\u00e9dica y defensores de los ni\u00f1os del noreste&hellip;\" \/>\n<meta property=\"og:url\" content=\"https:\/\/www.fsgctopeka.com\/es\/el-lider-de-fsgc-anuncia-su-retiro\/\" \/>\n<meta property=\"og:site_name\" content=\"FSGC Topeka\" \/>\n<meta property=\"article:published_time\" content=\"2021-09-30T03:21:52+00:00\" \/>\n<meta property=\"og:image\" content=\"https:\/\/www.fsgctopeka.com\/wp-content\/uploads\/2022\/10\/FSGC-Site-Photos-6923.jpg\" \/>\n\t<meta property=\"og:image:width\" content=\"1920\" \/>\n\t<meta property=\"og:image:height\" content=\"1280\" \/>\n\t<meta property=\"og:image:type\" content=\"image\/jpeg\" \/>\n<meta name=\"author\" content=\"ll_fsgc\" \/>\n<meta name=\"twitter:card\" content=\"summary_large_image\" \/>\n<meta name=\"twitter:label1\" content=\"Escrito por\" \/>\n\t<meta name=\"twitter:data1\" content=\"ll_fsgc\" \/>\n\t<meta name=\"twitter:label2\" content=\"Tiempo de lectura\" \/>\n\t<meta name=\"twitter:data2\" content=\"2 minutos\" \/>\n<script type=\"application\/ld+json\" class=\"yoast-schema-graph\">{\"@context\":\"https:\/\/schema.org\",\"@graph\":[{\"@type\":\"WebPage\",\"@id\":\"https:\/\/www.fsgctopeka.com\/es\/el-lider-de-fsgc-anuncia-su-retiro\/\",\"url\":\"https:\/\/www.fsgctopeka.com\/es\/el-lider-de-fsgc-anuncia-su-retiro\/\",\"name\":\"El l\u00edder de FSGC anuncia su retiro - FSGC Topeka\",\"isPartOf\":{\"@id\":\"https:\/\/www.fsgctopeka.com\/es\/#website\"},\"primaryImageOfPage\":{\"@id\":\"https:\/\/www.fsgctopeka.com\/es\/el-lider-de-fsgc-anuncia-su-retiro\/#primaryimage\"},\"image\":{\"@id\":\"https:\/\/www.fsgctopeka.com\/es\/el-lider-de-fsgc-anuncia-su-retiro\/#primaryimage\"},\"thumbnailUrl\":\"https:\/\/www.fsgctopeka.com\/wp-content\/uploads\/2022\/10\/FSGC-Site-Photos-6923.jpg\",\"datePublished\":\"2021-09-30T03:21:52+00:00\",\"author\":{\"@id\":\"https:\/\/www.fsgctopeka.com\/es\/#\/schema\/person\/b134678996a32f8a92aeef16e39155ea\"},\"breadcrumb\":{\"@id\":\"https:\/\/www.fsgctopeka.com\/es\/el-lider-de-fsgc-anuncia-su-retiro\/#breadcrumb\"},\"inLanguage\":\"es\",\"potentialAction\":[{\"@type\":\"ReadAction\",\"target\":[\"https:\/\/www.fsgctopeka.com\/es\/el-lider-de-fsgc-anuncia-su-retiro\/\"]}]},{\"@type\":\"ImageObject\",\"inLanguage\":\"es\",\"@id\":\"https:\/\/www.fsgctopeka.com\/es\/el-lider-de-fsgc-anuncia-su-retiro\/#primaryimage\",\"url\":\"https:\/\/www.fsgctopeka.com\/wp-content\/uploads\/2022\/10\/FSGC-Site-Photos-6923.jpg\",\"contentUrl\":\"https:\/\/www.fsgctopeka.com\/wp-content\/uploads\/2022\/10\/FSGC-Site-Photos-6923.jpg\",\"width\":1920,\"height\":1280,\"caption\":\"Family service and guidance center front sign\"},{\"@type\":\"BreadcrumbList\",\"@id\":\"https:\/\/www.fsgctopeka.com\/es\/el-lider-de-fsgc-anuncia-su-retiro\/#breadcrumb\",\"itemListElement\":[{\"@type\":\"ListItem\",\"position\":1,\"name\":\"Home\",\"item\":\"https:\/\/www.fsgctopeka.com\/es\/inicio-2\/\"},{\"@type\":\"ListItem\",\"position\":2,\"name\":\"El l\u00edder de FSGC anuncia su retiro\"}]},{\"@type\":\"WebSite\",\"@id\":\"https:\/\/www.fsgctopeka.com\/es\/#website\",\"url\":\"https:\/\/www.fsgctopeka.com\/es\/\",\"name\":\"FSGC Topeka\",\"description\":\"Child Counseling in Topeka\",\"potentialAction\":[{\"@type\":\"SearchAction\",\"target\":{\"@type\":\"EntryPoint\",\"urlTemplate\":\"https:\/\/www.fsgctopeka.com\/es\/?s={search_term_string}\"},\"query-input\":{\"@type\":\"PropertyValueSpecification\",\"valueRequired\":true,\"valueName\":\"search_term_string\"}}],\"inLanguage\":\"es\"},{\"@type\":\"Person\",\"@id\":\"https:\/\/www.fsgctopeka.com\/es\/#\/schema\/person\/b134678996a32f8a92aeef16e39155ea\",\"name\":\"ll_fsgc\",\"image\":{\"@type\":\"ImageObject\",\"inLanguage\":\"es\",\"@id\":\"https:\/\/www.fsgctopeka.com\/es\/#\/schema\/person\/image\/\",\"url\":\"https:\/\/secure.gravatar.com\/avatar\/92985b50b3e146d7afa53a9ba6b7697327c7f522e3eadd9cfa46e1555834648c?s=96&d=mm&r=g\",\"contentUrl\":\"https:\/\/secure.gravatar.com\/avatar\/92985b50b3e146d7afa53a9ba6b7697327c7f522e3eadd9cfa46e1555834648c?s=96&d=mm&r=g\",\"caption\":\"ll_fsgc\"},\"sameAs\":[\"https:\/\/www.FSGCtopeka.com\"],\"url\":\"https:\/\/www.fsgctopeka.com\/es\/author\/ll_fsgc\/\"}]}<\/script>\n<!-- \/ Yoast SEO plugin. -->","yoast_head_json":{"title":"El l\u00edder de FSGC anuncia su retiro - FSGC Topeka","robots":{"index":"index","follow":"follow","max-snippet":"max-snippet:-1","max-image-preview":"max-image-preview:large","max-video-preview":"max-video-preview:-1"},"canonical":"https:\/\/www.fsgctopeka.com\/es\/el-lider-de-fsgc-anuncia-su-retiro\/","og_locale":"es_ES","og_type":"article","og_title":"El l\u00edder de FSGC anuncia su retiro - FSGC Topeka","og_description":"Uno de los principales ejecutivos de atenci\u00f3n m\u00e9dica y defensores de los ni\u00f1os del noreste&hellip;","og_url":"https:\/\/www.fsgctopeka.com\/es\/el-lider-de-fsgc-anuncia-su-retiro\/","og_site_name":"FSGC Topeka","article_published_time":"2021-09-30T03:21:52+00:00","og_image":[{"width":1920,"height":1280,"url":"https:\/\/www.fsgctopeka.com\/wp-content\/uploads\/2022\/10\/FSGC-Site-Photos-6923.jpg","type":"image\/jpeg"}],"author":"ll_fsgc","twitter_card":"summary_large_image","twitter_misc":{"Escrito por":"ll_fsgc","Tiempo de lectura":"2 minutos"},"schema":{"@context":"https:\/\/schema.org","@graph":[{"@type":"WebPage","@id":"https:\/\/www.fsgctopeka.com\/es\/el-lider-de-fsgc-anuncia-su-retiro\/","url":"https:\/\/www.fsgctopeka.com\/es\/el-lider-de-fsgc-anuncia-su-retiro\/","name":"El l\u00edder de FSGC anuncia su retiro - FSGC Topeka","isPartOf":{"@id":"https:\/\/www.fsgctopeka.com\/es\/#website"},"primaryImageOfPage":{"@id":"https:\/\/www.fsgctopeka.com\/es\/el-lider-de-fsgc-anuncia-su-retiro\/#primaryimage"},"image":{"@id":"https:\/\/www.fsgctopeka.com\/es\/el-lider-de-fsgc-anuncia-su-retiro\/#primaryimage"},"thumbnailUrl":"https:\/\/www.fsgctopeka.com\/wp-content\/uploads\/2022\/10\/FSGC-Site-Photos-6923.jpg","datePublished":"2021-09-30T03:21:52+00:00","author":{"@id":"https:\/\/www.fsgctopeka.com\/es\/#\/schema\/person\/b134678996a32f8a92aeef16e39155ea"},"breadcrumb":{"@id":"https:\/\/www.fsgctopeka.com\/es\/el-lider-de-fsgc-anuncia-su-retiro\/#breadcrumb"},"inLanguage":"es","potentialAction":[{"@type":"ReadAction","target":["https:\/\/www.fsgctopeka.com\/es\/el-lider-de-fsgc-anuncia-su-retiro\/"]}]},{"@type":"ImageObject","inLanguage":"es","@id":"https:\/\/www.fsgctopeka.com\/es\/el-lider-de-fsgc-anuncia-su-retiro\/#primaryimage","url":"https:\/\/www.fsgctopeka.com\/wp-content\/uploads\/2022\/10\/FSGC-Site-Photos-6923.jpg","contentUrl":"https:\/\/www.fsgctopeka.com\/wp-content\/uploads\/2022\/10\/FSGC-Site-Photos-6923.jpg","width":1920,"height":1280,"caption":"Family service and guidance center front sign"},{"@type":"BreadcrumbList","@id":"https:\/\/www.fsgctopeka.com\/es\/el-lider-de-fsgc-anuncia-su-retiro\/#breadcrumb","itemListElement":[{"@type":"ListItem","position":1,"name":"Home","item":"https:\/\/www.fsgctopeka.com\/es\/inicio-2\/"},{"@type":"ListItem","position":2,"name":"El l\u00edder de FSGC anuncia su retiro"}]},{"@type":"WebSite","@id":"https:\/\/www.fsgctopeka.com\/es\/#website","url":"https:\/\/www.fsgctopeka.com\/es\/","name":"FSGC Topeka","description":"Child Counseling in Topeka","potentialAction":[{"@type":"SearchAction","target":{"@type":"EntryPoint","urlTemplate":"https:\/\/www.fsgctopeka.com\/es\/?s={search_term_string}"},"query-input":{"@type":"PropertyValueSpecification","valueRequired":true,"valueName":"search_term_string"}}],"inLanguage":"es"},{"@type":"Person","@id":"https:\/\/www.fsgctopeka.com\/es\/#\/schema\/person\/b134678996a32f8a92aeef16e39155ea","name":"ll_fsgc","image":{"@type":"ImageObject","inLanguage":"es","@id":"https:\/\/www.fsgctopeka.com\/es\/#\/schema\/person\/image\/","url":"https:\/\/secure.gravatar.com\/avatar\/92985b50b3e146d7afa53a9ba6b7697327c7f522e3eadd9cfa46e1555834648c?s=96&d=mm&r=g","contentUrl":"https:\/\/secure.gravatar.com\/avatar\/92985b50b3e146d7afa53a9ba6b7697327c7f522e3eadd9cfa46e1555834648c?s=96&d=mm&r=g","caption":"ll_fsgc"},"sameAs":["https:\/\/www.FSGCtopeka.com"],"url":"https:\/\/www.fsgctopeka.com\/es\/author\/ll_fsgc\/"}]}},"_links":{"self":[{"href":"https:\/\/www.fsgctopeka.com\/es\/wp-json\/wp\/v2\/posts\/2370","targetHints":{"allow":["GET"]}}],"collection":[{"href":"https:\/\/www.fsgctopeka.com\/es\/wp-json\/wp\/v2\/posts"}],"about":[{"href":"https:\/\/www.fsgctopeka.com\/es\/wp-json\/wp\/v2\/types\/post"}],"author":[{"embeddable":true,"href":"https:\/\/www.fsgctopeka.com\/es\/wp-json\/wp\/v2\/users\/1"}],"replies":[{"embeddable":true,"href":"https:\/\/www.fsgctopeka.com\/es\/wp-json\/wp\/v2\/comments?post=2370"}],"version-history":[{"count":0,"href":"https:\/\/www.fsgctopeka.com\/es\/wp-json\/wp\/v2\/posts\/2370\/revisions"}],"wp:featuredmedia":[{"embeddable":true,"href":"https:\/\/www.fsgctopeka.com\/es\/wp-json\/wp\/v2\/media\/971"}],"wp:attachment":[{"href":"https:\/\/www.fsgctopeka.com\/es\/wp-json\/wp\/v2\/media?parent=2370"}],"wp:term":[{"taxonomy":"category","embeddable":true,"href":"https:\/\/www.fsgctopeka.com\/es\/wp-json\/wp\/v2\/categories?post=2370"},{"taxonomy":"post_tag","embeddable":true,"href":"https:\/\/www.fsgctopeka.com\/es\/wp-json\/wp\/v2\/tags?post=2370"}],"curies":[{"name":"wp","href":"https:\/\/api.w.org\/{rel}","templated":true}]}}